{"id":34048,"date":"2026-04-17T10:39:26","date_gmt":"2026-04-17T08:39:26","guid":{"rendered":"https:\/\/www.karts.ch\/?p=34048"},"modified":"2026-04-17T10:43:38","modified_gmt":"2026-04-17T08:43:38","slug":"magadino-50-festa-in-pista","status":"publish","type":"post","link":"https:\/\/www.karts.ch\/fr\/magadino-50-festa-in-pista\/","title":{"rendered":"Magadino 50 &#8211; Festa in pista"},"content":{"rendered":"<p><span style=\"color: #f70539;\"><strong>Le dimanche 26 avril 2026, de 10h00 \u00e0 18h00, nous c\u00e9l\u00e9brons notre 50e anniversaire avec notre Anniversary Day \u2013 une journ\u00e9e pour tous\u2026 avec la location \u00e0 moiti\u00e9 prix!<\/strong><\/span><\/p>\n<p>De nombreuses activit\u00e9s vous attendent : en particulier, la <strong>location de karts \u00e0 moiti\u00e9 prix toute la journ\u00e9e<\/strong> (session de 10 minutes).<\/p>\n<p>Enfants (8\u201313 ans, d\u00e8s 130 cm) : CHF 9.\u2013 (au lieu de 19.\u2013)<br \/>\nAdultes (d\u00e8s 14 ans) : CHF 12.\u2013 (au lieu de 25.\u2013)<\/p>\n<p>Une magnifique <strong>exposition consacr\u00e9e aux 50 ans de la piste<\/strong> sera \u00e9galement propos\u00e9e, avec des photos d\u2019archives, des karts et des accessoires d\u2019\u00e9poque.<br \/>\nVous pourrez aussi assister \u00e0 une <strong>d\u00e9monstration de karts anciens sur la piste<\/strong> ainsi qu\u2019\u00e0 une <strong>course avec des karts actuels r\u00e9unissant des champions d\u2019hier et d\u2019aujourd\u2019hui<\/strong> qui ont roul\u00e9 chez nous.<\/p>\n<p>Restauration sur place : <strong>buvette, bar \u00e0 spritz et grillades<\/strong> (avec bratwurst, luganighetta et hamburgers).<br \/>\nAu programme \u00e9galement : musique, <strong>concours, gadgets et cadeaux<\/strong>, notre merchandising des 50 ans ainsi que la Mini Red Bull.<\/p>\n<p>En r\u00e9sum\u00e9, une journ\u00e9e sp\u00e9ciale que nous souhaitons partager avec vous pour c\u00e9l\u00e9brer cette \u00e9tape importante de notre piste!<\/p>\n<p>&nbsp;<\/p>\n<p><a href=\"https:\/\/www.karts.ch\/wp-content\/uploads\/2026\/03\/Programma_Festa_26.04.26.pdf\" target=\"_blank\" rel=\"noopener\"><span style=\"color: #999999;\"><strong>Voici le programme complet de la journ\u00e9e &gt;<\/strong><\/span><\/a><\/p>\n<p>&nbsp;<\/p>\n<p>&nbsp;<\/p>\n<p><img loading=\"lazy\" decoding=\"async\" class=\"alignnone wp-image-33950\" src=\"https:\/\/www.karts.ch\/wp-content\/uploads\/2026\/03\/Locandina-Festa-26-aprile-PRINT-212x300.jpg\" alt=\"\" width=\"454\" height=\"642\" srcset=\"https:\/\/www.karts.ch\/wp-content\/uploads\/2026\/03\/Locandina-Festa-26-aprile-PRINT-212x300.jpg 212w, https:\/\/www.karts.ch\/wp-content\/uploads\/2026\/03\/Locandina-Festa-26-aprile-PRINT-724x1024.jpg 724w, https:\/\/www.karts.ch\/wp-content\/uploads\/2026\/03\/Locandina-Festa-26-aprile-PRINT-768x1086.jpg 768w, https:\/\/www.karts.ch\/wp-content\/uploads\/2026\/03\/Locandina-Festa-26-aprile-PRINT-1087x1536.jpg 1087w, https:\/\/www.karts.ch\/wp-content\/uploads\/2026\/03\/Locandina-Festa-26-aprile-PRINT.jpg 1240w\" sizes=\"auto, (max-width: 454px) 100vw, 454px\" \/><\/p>\n","protected":false},"excerpt":{"rendered":"<p>Le dimanche 26 avril 2026, de 10h00 \u00e0 18h00, nous c\u00e9l\u00e9brons notre 50e anniversaire avec notre Anniversary Day \u2013 une journ\u00e9e pour tous\u2026 avec la location \u00e0 moiti\u00e9 prix! De<\/p>\n","protected":false},"author":4,"featured_media":33954,"comment_status":"closed","ping_status":"closed","sticky":false,"template":"","format":"standard","meta":{"inline_featured_image":false,"footnotes":""},"categories":[34,18],"tags":[],"class_list":["post-34048","post","type-post","status-publish","format-standard","has-post-thumbnail","hentry","category-actuellement","category-non-categorise"],"yoast_head":"<!-- This site is optimized with the Yoast SEO plugin v27.4 - https:\/\/yoast.com\/product\/yoast-seo-wordpress\/ -->\n<title>Magadino 50 - Festa in pista - Karts<\/title>\n<meta name=\"robots\" content=\"index, follow, max-snippet:-1, max-image-preview:large, max-video-preview:-1\" \/>\n<link rel=\"canonical\" href=\"https:\/\/www.karts.ch\/fr\/magadino-50-festa-in-pista\/\" \/>\n<meta property=\"og:locale\" content=\"fr_FR\" \/>\n<meta property=\"og:type\" content=\"article\" \/>\n<meta property=\"og:title\" content=\"Magadino 50 - Festa in pista - Karts\" \/>\n<meta property=\"og:description\" content=\"Le dimanche 26 avril 2026, de 10h00 \u00e0 18h00, nous c\u00e9l\u00e9brons notre 50e anniversaire avec notre Anniversary Day \u2013 une journ\u00e9e pour tous\u2026 avec la location \u00e0 moiti\u00e9 prix! De\" \/>\n<meta property=\"og:url\" content=\"https:\/\/www.karts.ch\/fr\/magadino-50-festa-in-pista\/\" \/>\n<meta property=\"og:site_name\" content=\"Karts\" \/>\n<meta property=\"article:published_time\" content=\"2026-04-17T08:39:26+00:00\" \/>\n<meta property=\"article:modified_time\" content=\"2026-04-17T08:43:38+00:00\" \/>\n<meta property=\"og:image\" content=\"https:\/\/www.karts.ch\/wp-content\/uploads\/2026\/03\/Master-Festa-26-aprile-con-data.jpg\" \/>\n\t<meta property=\"og:image:width\" content=\"1240\" \/>\n\t<meta property=\"og:image:height\" content=\"717\" \/>\n\t<meta property=\"og:image:type\" content=\"image\/jpeg\" \/>\n<meta name=\"author\" content=\"Claudia Longhi\" \/>\n<meta name=\"twitter:card\" content=\"summary_large_image\" \/>\n<meta name=\"twitter:label1\" content=\"\u00c9crit par\" \/>\n\t<meta name=\"twitter:data1\" content=\"Claudia Longhi\" \/>\n\t<meta name=\"twitter:label2\" content=\"Dur\u00e9e de lecture estim\u00e9e\" \/>\n\t<meta name=\"twitter:data2\" content=\"1 minute\" \/>\n<script type=\"application\/ld+json\" class=\"yoast-schema-graph\">{\"@context\":\"https:\\\/\\\/schema.org\",\"@graph\":[{\"@type\":\"Article\",\"@id\":\"https:\\\/\\\/www.karts.ch\\\/fr\\\/magadino-50-festa-in-pista\\\/#article\",\"isPartOf\":{\"@id\":\"https:\\\/\\\/www.karts.ch\\\/fr\\\/magadino-50-festa-in-pista\\\/\"},\"author\":{\"name\":\"Claudia Longhi\",\"@id\":\"https:\\\/\\\/www.karts.ch\\\/fr\\\/#\\\/schema\\\/person\\\/cc599322347e4291d95c48df3183eec6\"},\"headline\":\"Magadino 50 &#8211; Festa in pista\",\"datePublished\":\"2026-04-17T08:39:26+00:00\",\"dateModified\":\"2026-04-17T08:43:38+00:00\",\"mainEntityOfPage\":{\"@id\":\"https:\\\/\\\/www.karts.ch\\\/fr\\\/magadino-50-festa-in-pista\\\/\"},\"wordCount\":199,\"publisher\":{\"@id\":\"https:\\\/\\\/www.karts.ch\\\/fr\\\/#organization\"},\"image\":{\"@id\":\"https:\\\/\\\/www.karts.ch\\\/fr\\\/magadino-50-festa-in-pista\\\/#primaryimage\"},\"thumbnailUrl\":\"https:\\\/\\\/www.karts.ch\\\/wp-content\\\/uploads\\\/2026\\\/03\\\/Master-Festa-26-aprile-con-data.jpg\",\"articleSection\":[\"ACTUELLEMENT\",\"Non cat\u00e9goris\u00e9\"],\"inLanguage\":\"fr-FR\"},{\"@type\":\"WebPage\",\"@id\":\"https:\\\/\\\/www.karts.ch\\\/fr\\\/magadino-50-festa-in-pista\\\/\",\"url\":\"https:\\\/\\\/www.karts.ch\\\/fr\\\/magadino-50-festa-in-pista\\\/\",\"name\":\"Magadino 50 - Festa in pista - Karts\",\"isPartOf\":{\"@id\":\"https:\\\/\\\/www.karts.ch\\\/fr\\\/#website\"},\"primaryImageOfPage\":{\"@id\":\"https:\\\/\\\/www.karts.ch\\\/fr\\\/magadino-50-festa-in-pista\\\/#primaryimage\"},\"image\":{\"@id\":\"https:\\\/\\\/www.karts.ch\\\/fr\\\/magadino-50-festa-in-pista\\\/#primaryimage\"},\"thumbnailUrl\":\"https:\\\/\\\/www.karts.ch\\\/wp-content\\\/uploads\\\/2026\\\/03\\\/Master-Festa-26-aprile-con-data.jpg\",\"datePublished\":\"2026-04-17T08:39:26+00:00\",\"dateModified\":\"2026-04-17T08:43:38+00:00\",\"breadcrumb\":{\"@id\":\"https:\\\/\\\/www.karts.ch\\\/fr\\\/magadino-50-festa-in-pista\\\/#breadcrumb\"},\"inLanguage\":\"fr-FR\",\"potentialAction\":[{\"@type\":\"ReadAction\",\"target\":[\"https:\\\/\\\/www.karts.ch\\\/fr\\\/magadino-50-festa-in-pista\\\/\"]}]},{\"@type\":\"ImageObject\",\"inLanguage\":\"fr-FR\",\"@id\":\"https:\\\/\\\/www.karts.ch\\\/fr\\\/magadino-50-festa-in-pista\\\/#primaryimage\",\"url\":\"https:\\\/\\\/www.karts.ch\\\/wp-content\\\/uploads\\\/2026\\\/03\\\/Master-Festa-26-aprile-con-data.jpg\",\"contentUrl\":\"https:\\\/\\\/www.karts.ch\\\/wp-content\\\/uploads\\\/2026\\\/03\\\/Master-Festa-26-aprile-con-data.jpg\",\"width\":1240,\"height\":717,\"caption\":\"Locandina Festa 26 aprile\"},{\"@type\":\"BreadcrumbList\",\"@id\":\"https:\\\/\\\/www.karts.ch\\\/fr\\\/magadino-50-festa-in-pista\\\/#breadcrumb\",\"itemListElement\":[{\"@type\":\"ListItem\",\"position\":1,\"name\":\"Home\",\"item\":\"https:\\\/\\\/www.karts.ch\\\/fr\\\/\"},{\"@type\":\"ListItem\",\"position\":2,\"name\":\"Magadino 50 &#8211; Festa in pista\"}]},{\"@type\":\"WebSite\",\"@id\":\"https:\\\/\\\/www.karts.ch\\\/fr\\\/#website\",\"url\":\"https:\\\/\\\/www.karts.ch\\\/fr\\\/\",\"name\":\"Karts\",\"description\":\"Pista GOKART Locarno-Magadino\",\"publisher\":{\"@id\":\"https:\\\/\\\/www.karts.ch\\\/fr\\\/#organization\"},\"potentialAction\":[{\"@type\":\"SearchAction\",\"target\":{\"@type\":\"EntryPoint\",\"urlTemplate\":\"https:\\\/\\\/www.karts.ch\\\/fr\\\/?s={search_term_string}\"},\"query-input\":{\"@type\":\"PropertyValueSpecification\",\"valueRequired\":true,\"valueName\":\"search_term_string\"}}],\"inLanguage\":\"fr-FR\"},{\"@type\":\"Organization\",\"@id\":\"https:\\\/\\\/www.karts.ch\\\/fr\\\/#organization\",\"name\":\"karts\",\"url\":\"https:\\\/\\\/www.karts.ch\\\/fr\\\/\",\"logo\":{\"@type\":\"ImageObject\",\"inLanguage\":\"fr-FR\",\"@id\":\"https:\\\/\\\/www.karts.ch\\\/fr\\\/#\\\/schema\\\/logo\\\/image\\\/\",\"url\":\"https:\\\/\\\/www.karts.ch\\\/wp-content\\\/uploads\\\/2021\\\/09\\\/logo_black.png\",\"contentUrl\":\"https:\\\/\\\/www.karts.ch\\\/wp-content\\\/uploads\\\/2021\\\/09\\\/logo_black.png\",\"width\":473,\"height\":94,\"caption\":\"karts\"},\"image\":{\"@id\":\"https:\\\/\\\/www.karts.ch\\\/fr\\\/#\\\/schema\\\/logo\\\/image\\\/\"}},{\"@type\":\"Person\",\"@id\":\"https:\\\/\\\/www.karts.ch\\\/fr\\\/#\\\/schema\\\/person\\\/cc599322347e4291d95c48df3183eec6\",\"name\":\"Claudia Longhi\",\"image\":{\"@type\":\"ImageObject\",\"inLanguage\":\"fr-FR\",\"@id\":\"https:\\\/\\\/secure.gravatar.com\\\/avatar\\\/cefd0fc5f3b257a6a923d3023e687927ba48081678c62b39484816a3b0a34dd9?s=96&d=mm&r=g\",\"url\":\"https:\\\/\\\/secure.gravatar.com\\\/avatar\\\/cefd0fc5f3b257a6a923d3023e687927ba48081678c62b39484816a3b0a34dd9?s=96&d=mm&r=g\",\"contentUrl\":\"https:\\\/\\\/secure.gravatar.com\\\/avatar\\\/cefd0fc5f3b257a6a923d3023e687927ba48081678c62b39484816a3b0a34dd9?s=96&d=mm&r=g\",\"caption\":\"Claudia Longhi\"}}]}<\/script>\n<!-- \/ Yoast SEO plugin. -->","yoast_head_json":{"title":"Magadino 50 - Festa in pista - Karts","robots":{"index":"index","follow":"follow","max-snippet":"max-snippet:-1","max-image-preview":"max-image-preview:large","max-video-preview":"max-video-preview:-1"},"canonical":"https:\/\/www.karts.ch\/fr\/magadino-50-festa-in-pista\/","og_locale":"fr_FR","og_type":"article","og_title":"Magadino 50 - Festa in pista - Karts","og_description":"Le dimanche 26 avril 2026, de 10h00 \u00e0 18h00, nous c\u00e9l\u00e9brons notre 50e anniversaire avec notre Anniversary Day \u2013 une journ\u00e9e pour tous\u2026 avec la location \u00e0 moiti\u00e9 prix! De","og_url":"https:\/\/www.karts.ch\/fr\/magadino-50-festa-in-pista\/","og_site_name":"Karts","article_published_time":"2026-04-17T08:39:26+00:00","article_modified_time":"2026-04-17T08:43:38+00:00","og_image":[{"width":1240,"height":717,"url":"https:\/\/www.karts.ch\/wp-content\/uploads\/2026\/03\/Master-Festa-26-aprile-con-data.jpg","type":"image\/jpeg"}],"author":"Claudia Longhi","twitter_card":"summary_large_image","twitter_misc":{"\u00c9crit par":"Claudia Longhi","Dur\u00e9e de lecture estim\u00e9e":"1 minute"},"schema":{"@context":"https:\/\/schema.org","@graph":[{"@type":"Article","@id":"https:\/\/www.karts.ch\/fr\/magadino-50-festa-in-pista\/#article","isPartOf":{"@id":"https:\/\/www.karts.ch\/fr\/magadino-50-festa-in-pista\/"},"author":{"name":"Claudia Longhi","@id":"https:\/\/www.karts.ch\/fr\/#\/schema\/person\/cc599322347e4291d95c48df3183eec6"},"headline":"Magadino 50 &#8211; Festa in pista","datePublished":"2026-04-17T08:39:26+00:00","dateModified":"2026-04-17T08:43:38+00:00","mainEntityOfPage":{"@id":"https:\/\/www.karts.ch\/fr\/magadino-50-festa-in-pista\/"},"wordCount":199,"publisher":{"@id":"https:\/\/www.karts.ch\/fr\/#organization"},"image":{"@id":"https:\/\/www.karts.ch\/fr\/magadino-50-festa-in-pista\/#primaryimage"},"thumbnailUrl":"https:\/\/www.karts.ch\/wp-content\/uploads\/2026\/03\/Master-Festa-26-aprile-con-data.jpg","articleSection":["ACTUELLEMENT","Non cat\u00e9goris\u00e9"],"inLanguage":"fr-FR"},{"@type":"WebPage","@id":"https:\/\/www.karts.ch\/fr\/magadino-50-festa-in-pista\/","url":"https:\/\/www.karts.ch\/fr\/magadino-50-festa-in-pista\/","name":"Magadino 50 - Festa in pista - Karts","isPartOf":{"@id":"https:\/\/www.karts.ch\/fr\/#website"},"primaryImageOfPage":{"@id":"https:\/\/www.karts.ch\/fr\/magadino-50-festa-in-pista\/#primaryimage"},"image":{"@id":"https:\/\/www.karts.ch\/fr\/magadino-50-festa-in-pista\/#primaryimage"},"thumbnailUrl":"https:\/\/www.karts.ch\/wp-content\/uploads\/2026\/03\/Master-Festa-26-aprile-con-data.jpg","datePublished":"2026-04-17T08:39:26+00:00","dateModified":"2026-04-17T08:43:38+00:00","breadcrumb":{"@id":"https:\/\/www.karts.ch\/fr\/magadino-50-festa-in-pista\/#breadcrumb"},"inLanguage":"fr-FR","potentialAction":[{"@type":"ReadAction","target":["https:\/\/www.karts.ch\/fr\/magadino-50-festa-in-pista\/"]}]},{"@type":"ImageObject","inLanguage":"fr-FR","@id":"https:\/\/www.karts.ch\/fr\/magadino-50-festa-in-pista\/#primaryimage","url":"https:\/\/www.karts.ch\/wp-content\/uploads\/2026\/03\/Master-Festa-26-aprile-con-data.jpg","contentUrl":"https:\/\/www.karts.ch\/wp-content\/uploads\/2026\/03\/Master-Festa-26-aprile-con-data.jpg","width":1240,"height":717,"caption":"Locandina Festa 26 aprile"},{"@type":"BreadcrumbList","@id":"https:\/\/www.karts.ch\/fr\/magadino-50-festa-in-pista\/#breadcrumb","itemListElement":[{"@type":"ListItem","position":1,"name":"Home","item":"https:\/\/www.karts.ch\/fr\/"},{"@type":"ListItem","position":2,"name":"Magadino 50 &#8211; Festa in pista"}]},{"@type":"WebSite","@id":"https:\/\/www.karts.ch\/fr\/#website","url":"https:\/\/www.karts.ch\/fr\/","name":"Karts","description":"Pista GOKART Locarno-Magadino","publisher":{"@id":"https:\/\/www.karts.ch\/fr\/#organization"},"potentialAction":[{"@type":"SearchAction","target":{"@type":"EntryPoint","urlTemplate":"https:\/\/www.karts.ch\/fr\/?s={search_term_string}"},"query-input":{"@type":"PropertyValueSpecification","valueRequired":true,"valueName":"search_term_string"}}],"inLanguage":"fr-FR"},{"@type":"Organization","@id":"https:\/\/www.karts.ch\/fr\/#organization","name":"karts","url":"https:\/\/www.karts.ch\/fr\/","logo":{"@type":"ImageObject","inLanguage":"fr-FR","@id":"https:\/\/www.karts.ch\/fr\/#\/schema\/logo\/image\/","url":"https:\/\/www.karts.ch\/wp-content\/uploads\/2021\/09\/logo_black.png","contentUrl":"https:\/\/www.karts.ch\/wp-content\/uploads\/2021\/09\/logo_black.png","width":473,"height":94,"caption":"karts"},"image":{"@id":"https:\/\/www.karts.ch\/fr\/#\/schema\/logo\/image\/"}},{"@type":"Person","@id":"https:\/\/www.karts.ch\/fr\/#\/schema\/person\/cc599322347e4291d95c48df3183eec6","name":"Claudia Longhi","image":{"@type":"ImageObject","inLanguage":"fr-FR","@id":"https:\/\/secure.gravatar.com\/avatar\/cefd0fc5f3b257a6a923d3023e687927ba48081678c62b39484816a3b0a34dd9?s=96&d=mm&r=g","url":"https:\/\/secure.gravatar.com\/avatar\/cefd0fc5f3b257a6a923d3023e687927ba48081678c62b39484816a3b0a34dd9?s=96&d=mm&r=g","contentUrl":"https:\/\/secure.gravatar.com\/avatar\/cefd0fc5f3b257a6a923d3023e687927ba48081678c62b39484816a3b0a34dd9?s=96&d=mm&r=g","caption":"Claudia Longhi"}}]}},"_links":{"self":[{"href":"https:\/\/www.karts.ch\/fr\/wp-json\/wp\/v2\/posts\/34048","targetHints":{"allow":["GET"]}}],"collection":[{"href":"https:\/\/www.karts.ch\/fr\/wp-json\/wp\/v2\/posts"}],"about":[{"href":"https:\/\/www.karts.ch\/fr\/wp-json\/wp\/v2\/types\/post"}],"author":[{"embeddable":true,"href":"https:\/\/www.karts.ch\/fr\/wp-json\/wp\/v2\/users\/4"}],"replies":[{"embeddable":true,"href":"https:\/\/www.karts.ch\/fr\/wp-json\/wp\/v2\/comments?post=34048"}],"version-history":[{"count":4,"href":"https:\/\/www.karts.ch\/fr\/wp-json\/wp\/v2\/posts\/34048\/revisions"}],"predecessor-version":[{"id":34055,"href":"https:\/\/www.karts.ch\/fr\/wp-json\/wp\/v2\/posts\/34048\/revisions\/34055"}],"wp:featuredmedia":[{"embeddable":true,"href":"https:\/\/www.karts.ch\/fr\/wp-json\/wp\/v2\/media\/33954"}],"wp:attachment":[{"href":"https:\/\/www.karts.ch\/fr\/wp-json\/wp\/v2\/media?parent=34048"}],"wp:term":[{"taxonomy":"category","embeddable":true,"href":"https:\/\/www.karts.ch\/fr\/wp-json\/wp\/v2\/categories?post=34048"},{"taxonomy":"post_tag","embeddable":true,"href":"https:\/\/www.karts.ch\/fr\/wp-json\/wp\/v2\/tags?post=34048"}],"curies":[{"name":"wp","href":"https:\/\/api.w.org\/{rel}","templated":true}]}}